{"id":148808,"date":"2023-07-31T11:59:00","date_gmt":"2023-07-31T16:59:00","guid":{"rendered":"https:\/\/www.acrartex.com\/news\/jeff-geraci-atervander-till-acr-electronics-som-vice-vd-och-chef-for-artex\/"},"modified":"2025-07-07T08:41:11","modified_gmt":"2025-07-07T13:41:11","slug":"jeff-geraci-atervander-till-acr-electronics-som-vice-vd-och-chef-for-artex","status":"publish","type":"post","link":"https:\/\/www.acrartex.com\/sv\/news\/jeff-geraci-atervander-till-acr-electronics-som-vice-vd-och-chef-for-artex\/","title":{"rendered":"Jeff Geraci \u00e5terv\u00e4nder till ACR Electronics som vice vd och chef f\u00f6r ARTEX"},"content":{"rendered":"\n<p>ACR Electronics en ledande global leverant\u00f6r av s\u00e4kerhets- och \u00f6verlevnadsteknik, \u00e4r glada att kunna meddela att Jeff Geraci \u00e5terv\u00e4nder som vice vd och chef f\u00f6r <a href=\"http:\/\/www.artex.com\">ARTEX<\/a> , det ledande varum\u00e4rket f\u00f6r n\u00f6dlokaliseringss\u00e4ndare ( ELT ) f\u00f6r flygplan. I denna roll kommer Jeff att leda ARTEX strategiska tillv\u00e4xtinitiativ, st\u00e4rka sin position p\u00e5 marknaden och driva innovation inom f\u00f6retaget. <\/p>\n\n<p>Jeff Geraci tillf\u00f6r sin nya roll en m\u00e4ngd erfarenhet och expertis, efter att tidigare ha varit en avg\u00f6rande figur i ACR Electronics framg\u00e5ng under sin tidigare anst\u00e4llning hos f\u00f6retaget. Med \u00f6ver tv\u00e5 decenniers erfarenhet inom s\u00e4kerhets- och \u00f6verlevnadsteknikbranschen har Jeff konsekvent visat enast\u00e5ende ledarskap, vision och en passion f\u00f6r att leverera h\u00f6gkvalitativa produkter som r\u00e4ddar liv. <\/p>\n\n<p>\u201dVi \u00e4r mycket glada \u00f6ver att v\u00e4lkomna Jeff tillbaka till ACR Electronics familjen och att ha honom som ledare f\u00f6r ARTEX -varum\u00e4rket\u201d, s\u00e4ger John Nguyen, VD f\u00f6r ACR Electronics . \u201dHans djupa branschkunskap och dokumenterade erfarenhet av att driva tillv\u00e4xt g\u00f6r honom till den ideala experten f\u00f6r att ta ARTEX till nya h\u00f6jder. Vi har fullt f\u00f6rtroende f\u00f6r Jeffs f\u00f6rm\u00e5ga att st\u00e4rka v\u00e5r marknadsn\u00e4rvaro, ut\u00f6ka v\u00e5r produktportf\u00f6lj och forts\u00e4tta v\u00e5rt arv av att tillhandah\u00e5lla p\u00e5litliga och banbrytande l\u00f6sningar till v\u00e5ra kunder.\u201d <\/p>\n\n<p>Som VD och vice vd f\u00f6r ARTEX kommer Jeff att ansvara f\u00f6r att \u00f6vervaka varum\u00e4rkets \u00f6vergripande verksamhet, inklusive f\u00f6rs\u00e4ljning, marknadsf\u00f6ring, produktutveckling och kundsupport. Under hans ledning str\u00e4var f\u00f6retaget efter att ytterligare st\u00e4rka sin position som en ledande innovat\u00f6r inom flyg-ELT, inklusive den nya <a href=\"http:\/\/www.GADSS.com\">GADSS<\/a> Distress Tracking ELT och den nya litiumfria <a href=\"https:\/\/www.acrartex.com\/products\/elt-4000s\/\">Survival ELT<\/a> f\u00f6r kommersiella operat\u00f6rer. <\/p>\n\n<p>\u201dJag \u00e4r hedrad och glad \u00f6ver att \u00e5terv\u00e4nda till ACR Electronics och driva projekt fram\u00e5t f\u00f6r ARTEX \u201d, s\u00e4ger Jeff Geraci. \u201dDet h\u00e4r f\u00f6retaget har en l\u00e5ng historia av att leverera produkter som hj\u00e4lper till att r\u00e4dda liv i n\u00e5gra av de mest utmanande situationerna, och jag ser fram emot att bidra till dess fortsatta framg\u00e5ng. Tillsammans med det beg\u00e5vade teamet p\u00e5 ARTEX kommer vi att str\u00e4va efter att lansera nya och avancerade l\u00f6sningar p\u00e5 marknaden och s\u00e4kerst\u00e4lla v\u00e5ra kunders s\u00e4kerhet \u00f6ver hela v\u00e4rlden.\u201d <\/p>\n\n<p>Jeffs strategiska vision, i kombination med hans djupa f\u00f6rst\u00e5else f\u00f6r branschen, f\u00f6rv\u00e4ntas accelerera ARTEX tillv\u00e4xt och st\u00e4rka deras engagemang f\u00f6r att tillhandah\u00e5lla marknadsledande produkter och tj\u00e4nster till kunder \u00f6ver hela v\u00e4rlden.<\/p>\n\n<p>F\u00f6r mer information om ACR Electronics varningsljus och annan s\u00e4kerhetsutrustning, g\u00e5 till <a href=\"http:\/\/www.acrartex.com\">www.acrartex.com<\/a> .<\/p>\n","protected":false},"excerpt":{"rendered":"<p>ACR Electronics en ledande global leverant\u00f6r av s\u00e4kerhets- och \u00f6verlevnadsteknik, \u00e4r glada att kunna meddela att Jeff Geraci \u00e5terv\u00e4nder som vice vd och chef f\u00f6r ARTEX , det ledande varum\u00e4rket f\u00f6r n\u00f6dlokaliseringss\u00e4ndare ( ELT ) f\u00f6r flygplan. I denna roll kommer Jeff att leda ARTEX strategiska tillv\u00e4xtinitiativ, st\u00e4rka sin position p\u00e5 marknaden och driva innovation [&hellip;]<\/p>\n","protected":false},"author":5,"featured_media":148809,"comment_status":"closed","ping_status":"open","sticky":false,"template":"","format":"standard","meta":{"_acf_changed":false,"om_disable_all_campaigns":false,"footnotes":""},"categories":[2888],"tags":[],"class_list":["post-148808","post","type-post","status-publish","format-standard","has-post-thumbnail","hentry","category-okategoriserad"],"acf":[],"_links":{"self":[{"href":"https:\/\/www.acrartex.com\/sv\/wp-json\/wp\/v2\/posts\/148808","targetHints":{"allow":["GET"]}}],"collection":[{"href":"https:\/\/www.acrartex.com\/sv\/wp-json\/wp\/v2\/posts"}],"about":[{"href":"https:\/\/www.acrartex.com\/sv\/wp-json\/wp\/v2\/types\/post"}],"author":[{"embeddable":true,"href":"https:\/\/www.acrartex.com\/sv\/wp-json\/wp\/v2\/users\/5"}],"replies":[{"embeddable":true,"href":"https:\/\/www.acrartex.com\/sv\/wp-json\/wp\/v2\/comments?post=148808"}],"version-history":[{"count":1,"href":"https:\/\/www.acrartex.com\/sv\/wp-json\/wp\/v2\/posts\/148808\/revisions"}],"predecessor-version":[{"id":148810,"href":"https:\/\/www.acrartex.com\/sv\/wp-json\/wp\/v2\/posts\/148808\/revisions\/148810"}],"wp:featuredmedia":[{"embeddable":true,"href":"https:\/\/www.acrartex.com\/sv\/wp-json\/wp\/v2\/media\/148809"}],"wp:attachment":[{"href":"https:\/\/www.acrartex.com\/sv\/wp-json\/wp\/v2\/media?parent=148808"}],"wp:term":[{"taxonomy":"category","embeddable":true,"href":"https:\/\/www.acrartex.com\/sv\/wp-json\/wp\/v2\/categories?post=148808"},{"taxonomy":"post_tag","embeddable":true,"href":"https:\/\/www.acrartex.com\/sv\/wp-json\/wp\/v2\/tags?post=148808"}],"curies":[{"name":"wp","href":"https:\/\/api.w.org\/{rel}","templated":true}]}}