{"id":148800,"date":"2023-08-08T15:57:29","date_gmt":"2023-08-08T20:57:29","guid":{"rendered":"https:\/\/www.acrartex.com\/news\/sakerstallande-av-sakerhet-for-civila-flygare-infor-det-kanadensiska-elt-mandatet-2025\/"},"modified":"2025-07-07T08:40:18","modified_gmt":"2025-07-07T13:40:18","slug":"sakerstallande-av-sakerhet-for-civila-flygare-infor-det-kanadensiska-elt-mandatet-2025","status":"publish","type":"post","link":"https:\/\/www.acrartex.com\/sv\/news\/sakerstallande-av-sakerhet-for-civila-flygare-infor-det-kanadensiska-elt-mandatet-2025\/","title":{"rendered":"S\u00e4kerst\u00e4llande av s\u00e4kerhet f\u00f6r civila flygare inf\u00f6r det kanadensiska ELT mandatet 2025"},"content":{"rendered":"\n<p>Uppgradering till 406 MHz ELT : S\u00e4kerst\u00e4llande av s\u00e4kerhet f\u00f6r kanadensiska civila flygare inf\u00f6r 2025 \u00e5rs mandat<\/p>\n\n<p>I flygv\u00e4rlden \u00e4r s\u00e4kerhet av st\u00f6rsta vikt. I takt med att tekniken utvecklas och regleringar utvecklas \u00e4r det avg\u00f6rande f\u00f6r piloter och flygentusiaster att h\u00e5lla sig informerade om f\u00f6r\u00e4ndringar som kan p\u00e5verka deras s\u00e4kerhet och s\u00e4kerheten f\u00f6r de ombordvarande. En s\u00e5dan f\u00f6r\u00e4ndring som tornar upp sig vid horisonten \u00e4r <a href=\"https:\/\/tc.canada.ca\/en\/aviation\/general-operating-flight-rules\/requirements-emergency-locator-transmitters-elt\">mandatet f\u00f6r kanadensiska civila flygare<\/a> att uppgradera sina n\u00f6dlokaliseringss\u00e4ndare (ELT) till den avancerade frekvensen 406 MHz senast den 25 november 2025. \u00c4ven om fritidsflygare fortfarande har tv\u00e5 \u00e5r p\u00e5 sig att utrusta sina flygplan, rekommenderas det starkt att uppgradera nu f\u00f6r att undvika samma typ av utrustning och installationsbegr\u00e4nsningar som branschen upplevde med det tidigare ADS-B-mandatet.   <\/p>\n\n<p><a href=\"https:\/\/www.acrartex.com\/products\/elt-345-transmitter\/\">N\u00f6dlokaliseringss\u00e4ndare (ELT)<\/a> \u00e4r enheter som spelar en viktig roll i flygs\u00e4kerheten. Dessa enheter \u00e4r utformade f\u00f6r att s\u00e4nda en n\u00f6dsignal vid en flygplansolycka eller n\u00f6dlandning. R\u00e4ddningsteam anv\u00e4nder dessa signaler f\u00f6r att snabbt lokalisera och ge hj\u00e4lp till nedst\u00f6tta flygplan. ELT:er fungerar som en livlina, vilket drastiskt minskar svarstiderna och \u00f6kar chanserna att \u00f6verleva f\u00f6r de ombord. Det kommande kanadensiska mandatet fokuserar p\u00e5 \u00f6verg\u00e5ngen fr\u00e5n de f\u00f6r\u00e5ldrade frekvenserna 121,5 MHz och 243 MHz till den mer avancerade frekvensen 406 MHz f\u00f6r ELT:er. Denna f\u00f6r\u00e4ndring drivs av det internationella Cospas-Sarsat -programmet, ett globalt satellitbaserat s\u00f6k- och r\u00e4ddningssystem. 406 MHz-frekvensen erbjuder betydande f\u00f6rdelar j\u00e4mf\u00f6rt med sina f\u00f6reg\u00e5ngare, inklusive f\u00f6rb\u00e4ttrad noggrannhet, snabbare detekteringstider och m\u00f6jligheten att \u00f6verf\u00f6ra mer detaljerad information om flygplanet, dess \u00e4gare och dess plats.      <\/p>\n\n<h2 class=\"wp-block-heading\" id=\"h-benefits-of-upgrading-before-the-2025-canada-elt-mandate\">F\u00f6rdelar med att uppgradera f\u00f6re det kanadensiska ELT mandatet 2025<\/h2>\n\n<ul class=\"wp-block-list\"><li>Att uppgradera i f\u00f6rv\u00e4g s\u00e4kerst\u00e4ller att flygare \u00e4r f\u00f6rberedda och uppfyller kraven i god tid f\u00f6re deadline, vilket eliminerar potentiella sista minuten-br\u00e5dskningar och brist p\u00e5 utrustning och installationstj\u00e4nster.<\/li><li>F\u00f6rb\u00e4ttrad tillf\u00f6rlitlighet: Frekvensen 406 MHz ger b\u00e4ttre signaltillf\u00f6rlitlighet och noggrannhet, vilket s\u00e4kerst\u00e4ller att n\u00f6dsignaler tas emot av s\u00f6k- och r\u00e4ddningsteam utan dr\u00f6jsm\u00e5l.<\/li><li>Snabbare detektering: Den uppgraderade frekvensen m\u00f6jligg\u00f6r snabbare detektering och mer exakt lokalisering av n\u00f6dsignalen, vilket minskar svarstiderna och \u00f6kar chanserna f\u00f6r en lyckad r\u00e4ddning.<\/li><li>F\u00f6rb\u00e4ttrad information: Till skillnad fr\u00e5n de \u00e4ldre frekvenserna m\u00f6jligg\u00f6r 406 MHz-frekvensen \u00f6verf\u00f6ring av kodad data som f\u00f6rser s\u00f6k- och r\u00e4ddningstj\u00e4nsten med GPS data om den \u00e4r kopplad till flygplanets navigationselektronik, ELT registreringsuppgifter och n\u00f6dkontaktinformation. Detta underl\u00e4ttar snabbare och effektivare samordning av insatser. <\/li><li>Global t\u00e4ckning: <a href=\"https:\/\/cospas-sarsat.int\/en\/\">Cospas-Sarsat<\/a> erbjuder tre olika satellitsystem som erbjuder global t\u00e4ckning i l\u00e5ga och medell\u00e5nga omloppsbanor samt geosynkron t\u00e4ckning, vilket inneb\u00e4r att \u00e4ven i avl\u00e4gsna eller oceaniska omr\u00e5den kan n\u00f6dsignalen uppfattas, vilket \u00f6kar chanserna till r\u00e4ddning i utmanande milj\u00f6er.<\/li><\/ul>\n\n<p>\u00c4ven om mandatet f\u00f6r 2025 kan verka avl\u00e4gset \u00e4r det viktigt f\u00f6r kanadensiska civila flygare att vidta proaktiva \u00e5tg\u00e4rder f\u00f6r att uppgradera sina elradioapparater s\u00e5 snart som m\u00f6jligt. Dessutom kan flygare som uppgraderar tidigt b\u00f6rja sk\u00f6rda f\u00f6rdelarna med de f\u00f6rb\u00e4ttrade s\u00e4kerhetsfunktionerna som 406 MHz-frekvensen erbjuder. Genom att g\u00f6ra \u00f6verg\u00e5ngen visar piloter sitt engagemang f\u00f6r s\u00e4kerhet och bidrar till en mer effektiv och tillf\u00f6rlitlig s\u00f6k- och r\u00e4ddningsprocess.  <\/p>\n\n<p>I flygets dynamiska v\u00e4rld \u00e4r det avg\u00f6rande att ligga steget f\u00f6re regel\u00e4ndringar. Mandatet f\u00f6r kanadensiska civila flygare att uppgradera till 406 MHz ELT:er fr\u00e5n 2025 \u00e4r ett viktigt steg mot att f\u00f6rb\u00e4ttra flygs\u00e4kerheten. Genom att anamma denna f\u00f6r\u00e4ndring proaktivt kan flygare s\u00e4kerst\u00e4lla att deras flygplan \u00e4r utrustade med den senaste tekniken f\u00f6r att snabbt s\u00e4nda n\u00f6dsignaler och underl\u00e4tta snabba r\u00e4ddningar. Att uppgradera till 406 MHz ELT:er \u00e4r inte bara ett efterlevnadskrav; det \u00e4r ett \u00e5tagande att prioritera s\u00e4kerheten i luften. S\u00e5 l\u00e5t oss ta flyget in i framtiden med uppgraderade ELT:er, i vetskapen om att vi bidrar till ett s\u00e4krare och tryggare flyglandskap.    <\/p>\n<div data-block-name=\"woocommerce\/handpicked-products\" data-edit-mode=\"false\" data-products=\"[153864,156170]\" class=\"wc-block-grid wp-block-handpicked-products wp-block-woocommerce-handpicked-products wc-block-handpicked-products has-3-columns has-multiple-rows\"><ul class=\"wc-block-grid__products\"><li class=\"wc-block-grid__product\">\n\t\t\t\t<a href=\"https:\/\/www.acrartex.com\/sv\/products\/artex-elt-345-pilotkit\/\" class=\"wc-block-grid__product-link\">\n\t\t\t\t\t\n\t\t\t\t\t<div class=\"wc-block-grid__product-image\"><img loading=\"lazy\" decoding=\"async\" width=\"300\" height=\"300\" src=\"https:\/\/www.acrartex.com\/wp-content\/uploads\/2021\/04\/2259_1_-_ELT_345_Pilot_Kit-300x300.png\" class=\"attachment-woocommerce_thumbnail size-woocommerce_thumbnail\" alt=\"ARTEX ELT 345\u2122 Pilotkit\" srcset=\"https:\/\/www.acrartex.com\/wp-content\/uploads\/2021\/04\/2259_1_-_ELT_345_Pilot_Kit-300x300.png 300w, https:\/\/www.acrartex.com\/wp-content\/uploads\/2021\/04\/2259_1_-_ELT_345_Pilot_Kit-1024x1024.png 1024w, https:\/\/www.acrartex.com\/wp-content\/uploads\/2021\/04\/2259_1_-_ELT_345_Pilot_Kit-150x150.png 150w, https:\/\/www.acrartex.com\/wp-content\/uploads\/2021\/04\/2259_1_-_ELT_345_Pilot_Kit-768x768.png 768w, https:\/\/www.acrartex.com\/wp-content\/uploads\/2021\/04\/2259_1_-_ELT_345_Pilot_Kit-600x600.png 600w, https:\/\/www.acrartex.com\/wp-content\/uploads\/2021\/04\/2259_1_-_ELT_345_Pilot_Kit-100x100.png 100w, https:\/\/www.acrartex.com\/wp-content\/uploads\/2021\/04\/2259_1_-_ELT_345_Pilot_Kit.png 1300w\" sizes=\"auto, (max-width: 300px) 100vw, 300px\" \/><\/div>\n\t\t\t\t\t<div class=\"wc-block-grid__product-title\">ARTEX ELT 345\u2122 Pilotkit<\/div>\n\t\t\t\t<\/a>\n\t\t\t\t<div class=\"wc-block-grid__product-price price\"><\/div>\n\t\t\t\t\n\t\t\t\t<div class=\"wp-block-button wc-block-grid__product-add-to-cart\"><a href=\"https:\/\/www.acrartex.com\/sv\/products\/artex-elt-345-pilotkit\/\" aria-label=\"L\u00e4s mer om \u201dARTEX ELT 345\u2122 Pilotkit\u201d\" data-quantity=\"1\" data-product_id=\"156170\" data-product_sku=\"2259.1\" data-price=\"0\" rel=\"nofollow\" class=\"wp-block-button__link  add_to_cart_button\">L\u00e4s mer<\/a><\/div>\n\t\t\t<\/li><li class=\"wc-block-grid__product\">\n\t\t\t\t<a href=\"https:\/\/www.acrartex.com\/sv\/products\/elt-345\/\" class=\"wc-block-grid__product-link\">\n\t\t\t\t\t\n\t\t\t\t\t<div class=\"wc-block-grid__product-image\"><img loading=\"lazy\" decoding=\"async\" width=\"300\" height=\"300\" src=\"https:\/\/www.acrartex.com\/wp-content\/uploads\/2021\/04\/2dda63524a15caef5a826fa2fecc9433-2-300x300.gif\" class=\"attachment-woocommerce_thumbnail size-woocommerce_thumbnail\" alt=\"ARTEX ELT 345 Front Face\" srcset=\"https:\/\/www.acrartex.com\/wp-content\/uploads\/2021\/04\/2dda63524a15caef5a826fa2fecc9433-2-300x300.gif 300w, https:\/\/www.acrartex.com\/wp-content\/uploads\/2021\/04\/2dda63524a15caef5a826fa2fecc9433-2-150x150.gif 150w, https:\/\/www.acrartex.com\/wp-content\/uploads\/2021\/04\/2dda63524a15caef5a826fa2fecc9433-2-100x100.gif 100w\" sizes=\"auto, (max-width: 300px) 100vw, 300px\" \/><\/div>\n\t\t\t\t\t<div class=\"wc-block-grid__product-title\">ELT 345<\/div>\n\t\t\t\t<\/a>\n\t\t\t\t<div class=\"wc-block-grid__product-price price\"><\/div>\n\t\t\t\t\n\t\t\t\t<div class=\"wp-block-button wc-block-grid__product-add-to-cart\"><a href=\"https:\/\/www.acrartex.com\/sv\/products\/elt-345\/\" aria-label=\"L\u00e4s mer om \u201dELT 345\u201d\" data-quantity=\"1\" data-product_id=\"153864\" data-product_sku=\"8102 \/ 8107 \/ 8108\" data-price=\"0\" rel=\"nofollow\" class=\"wp-block-button__link  add_to_cart_button\">L\u00e4s mer<\/a><\/div>\n\t\t\t<\/li><\/ul><\/div>\n<h2 class=\"wp-block-heading\">Registrera din kanadensiska ELT p\u00e5:<br\/> <a href=\"https:\/\/www.cbr-rcb.ca\/cbr\/presentation\/other_autre\/contact_contacter.php\">https:\/\/www.cbr-rcb.ca\/cbr\/presentation\/other_autre\/contact_contacter.php<\/a> <\/h2>\n","protected":false},"excerpt":{"rendered":"<p>Uppgradering till 406 MHz ELT : S\u00e4kerst\u00e4llande av s\u00e4kerhet f\u00f6r kanadensiska civila flygare inf\u00f6r 2025 \u00e5rs mandat I flygv\u00e4rlden \u00e4r s\u00e4kerhet av st\u00f6rsta vikt. I takt med att tekniken utvecklas och regleringar utvecklas \u00e4r det avg\u00f6rande f\u00f6r piloter och flygentusiaster att h\u00e5lla sig informerade om f\u00f6r\u00e4ndringar som kan p\u00e5verka deras s\u00e4kerhet och s\u00e4kerheten f\u00f6r de [&hellip;]<\/p>\n","protected":false},"author":5,"featured_media":146477,"comment_status":"closed","ping_status":"open","sticky":false,"template":"","format":"standard","meta":{"_acf_changed":false,"om_disable_all_campaigns":false,"footnotes":""},"categories":[4316],"tags":[5058],"class_list":["post-148800","post","type-post","status-publish","format-standard","has-post-thumbnail","hentry","category-flygsakerhet","tag-kanadas-elt-mandat"],"acf":[],"_links":{"self":[{"href":"https:\/\/www.acrartex.com\/sv\/wp-json\/wp\/v2\/posts\/148800","targetHints":{"allow":["GET"]}}],"collection":[{"href":"https:\/\/www.acrartex.com\/sv\/wp-json\/wp\/v2\/posts"}],"about":[{"href":"https:\/\/www.acrartex.com\/sv\/wp-json\/wp\/v2\/types\/post"}],"author":[{"embeddable":true,"href":"https:\/\/www.acrartex.com\/sv\/wp-json\/wp\/v2\/users\/5"}],"replies":[{"embeddable":true,"href":"https:\/\/www.acrartex.com\/sv\/wp-json\/wp\/v2\/comments?post=148800"}],"version-history":[{"count":1,"href":"https:\/\/www.acrartex.com\/sv\/wp-json\/wp\/v2\/posts\/148800\/revisions"}],"predecessor-version":[{"id":148801,"href":"https:\/\/www.acrartex.com\/sv\/wp-json\/wp\/v2\/posts\/148800\/revisions\/148801"}],"wp:featuredmedia":[{"embeddable":true,"href":"https:\/\/www.acrartex.com\/sv\/wp-json\/wp\/v2\/media\/146477"}],"wp:attachment":[{"href":"https:\/\/www.acrartex.com\/sv\/wp-json\/wp\/v2\/media?parent=148800"}],"wp:term":[{"taxonomy":"category","embeddable":true,"href":"https:\/\/www.acrartex.com\/sv\/wp-json\/wp\/v2\/categories?post=148800"},{"taxonomy":"post_tag","embeddable":true,"href":"https:\/\/www.acrartex.com\/sv\/wp-json\/wp\/v2\/tags?post=148800"}],"curies":[{"name":"wp","href":"https:\/\/api.w.org\/{rel}","templated":true}]}}