{"id":149770,"date":"2023-07-31T11:59:00","date_gmt":"2023-07-31T16:59:00","guid":{"rendered":"https:\/\/www.acrartex.com\/news\/jeff-geraci-kehrt-als-vizepraesident-und-general-manager-von-artex-zu-acr-electronics-zurueck\/"},"modified":"2025-07-07T09:20:02","modified_gmt":"2025-07-07T14:20:02","slug":"jeff-geraci-kehrt-als-vizepraesident-und-general-manager-von-artex-zu-acr-electronics-zurueck","status":"publish","type":"post","link":"https:\/\/www.acrartex.com\/de\/news\/jeff-geraci-kehrt-als-vizepraesident-und-general-manager-von-artex-zu-acr-electronics-zurueck\/","title":{"rendered":"Jeff Geraci kehrt als Vizepr\u00e4sident und General Manager von ARTEX zu ACR Electronics zur\u00fcck"},"content":{"rendered":"\n<p>ACR Electronics weltweit f\u00fchrender Anbieter von Sicherheits- und \u00dcberlebenstechnologien, freut sich, die R\u00fcckkehr von Jeff Geraci als Vizepr\u00e4sident und Gesch\u00e4ftsf\u00fchrer von <a href=\"http:\/\/www.artex.com\">ARTEX<\/a> , der f\u00fchrenden Marke f\u00fcr Notsender ( ELT ) f\u00fcr Flugzeuge, bekannt zu geben. In dieser Funktion wird Jeff die strategischen Wachstumsinitiativen von ARTEX leiten, die Marktposition st\u00e4rken und Innovationen im Unternehmen vorantreiben. <\/p>\n\n<p>Jeff Geraci bringt umfassende Erfahrung und Expertise in seine neue Rolle ein. Bereits in seiner fr\u00fcheren T\u00e4tigkeit bei ACR Electronics war er ma\u00dfgeblich am Erfolg des Unternehmens beteiligt. Mit \u00fcber zwei Jahrzehnten Erfahrung in der Sicherheits- und \u00dcberlebenstechnologiebranche hat Jeff stets herausragende F\u00fchrungsqualit\u00e4ten, Weitblick und Leidenschaft f\u00fcr die Entwicklung hochwertiger, lebensrettender Produkte bewiesen. <\/p>\n\n<p>\u201eWir freuen uns sehr, Jeff wieder in der ACR Electronics Familie begr\u00fc\u00dfen zu d\u00fcrfen und ihn an die Spitze der Marke ARTEX zu stellen\u201c, sagte John Nguyen, Pr\u00e4sident von ACR Electronics . \u201eSeine fundierten Branchenkenntnisse und seine nachweislichen Erfolge in der Wachstumsf\u00f6rderung machen ihn zum idealen Experten, um ARTEX zu neuen H\u00f6hen zu f\u00fchren. Wir vertrauen voll und ganz auf Jeffs F\u00e4higkeit, unsere Marktpr\u00e4senz zu st\u00e4rken, unser Produktportfolio zu erweitern und unsere Tradition, unseren Kunden zuverl\u00e4ssige und innovative L\u00f6sungen zu bieten, fortzuf\u00fchren.\u201c <\/p>\n\n<p>Als General Manager und Vice President von ARTEX verantwortet Jeff die gesamten Gesch\u00e4ftsaktivit\u00e4ten der Marke, darunter Vertrieb, Marketing, Produktentwicklung und Kundensupport. Unter seiner F\u00fchrung will das Unternehmen seine Position als f\u00fchrender Innovator im Bereich der ELTs f\u00fcr die Luftfahrt weiter festigen, darunter das neue <a href=\"http:\/\/www.GADSS.com\">GADSS<\/a> Distress Tracking ELT und das neue lithiumfreie <a href=\"https:\/\/www.acrartex.com\/products\/elt-4000s\/\">Survival ELT<\/a> f\u00fcr kommerzielle Betreiber. <\/p>\n\n<p>\u201eIch f\u00fchle mich geehrt und freue mich, zu ACR Electronics zur\u00fcckzukehren und Projekte f\u00fcr ARTEX voranzutreiben\u201c, sagte Jeff Geraci. \u201eDieses Unternehmen liefert seit langem Produkte, die in schwierigen Situationen Leben retten, und ich freue mich darauf, zu seinem anhaltenden Erfolg beizutragen. Gemeinsam mit dem talentierten Team von ARTEX werden wir neue und fortschrittliche L\u00f6sungen auf den Markt bringen und so die Sicherheit unserer Kunden weltweit gew\u00e4hrleisten.\u201c <\/p>\n\n<p>Jeffs strategische Vision, kombiniert mit seinem umfassenden Branchenverst\u00e4ndnis, d\u00fcrfte das Wachstum von ARTEX beschleunigen und das Engagement des Unternehmens, Kunden auf der ganzen Welt marktf\u00fchrende Produkte und Dienstleistungen anzubieten, bekr\u00e4ftigen.<\/p>\n\n<p>Weitere Informationen zu Beacons und anderer Sicherheitsausr\u00fcstung ACR Electronics finden Sie unter <a href=\"http:\/\/www.acrartex.com\">www.acrartex.com<\/a> .<\/p>\n","protected":false},"excerpt":{"rendered":"<p>ACR Electronics weltweit f\u00fchrender Anbieter von Sicherheits- und \u00dcberlebenstechnologien, freut sich, die R\u00fcckkehr von Jeff Geraci als Vizepr\u00e4sident und Gesch\u00e4ftsf\u00fchrer von ARTEX , der f\u00fchrenden Marke f\u00fcr Notsender ( ELT ) f\u00fcr Flugzeuge, bekannt zu geben. In dieser Funktion wird Jeff die strategischen Wachstumsinitiativen von ARTEX leiten, die Marktposition st\u00e4rken und Innovationen im Unternehmen vorantreiben. [&hellip;]<\/p>\n","protected":false},"author":5,"featured_media":149771,"comment_status":"closed","ping_status":"open","sticky":false,"template":"","format":"standard","meta":{"_acf_changed":false,"om_disable_all_campaigns":false,"footnotes":""},"categories":[2884],"tags":[],"class_list":["post-149770","post","type-post","status-publish","format-standard","has-post-thumbnail","hentry","category-nicht-kategorisiert"],"acf":[],"_links":{"self":[{"href":"https:\/\/www.acrartex.com\/de\/wp-json\/wp\/v2\/posts\/149770","targetHints":{"allow":["GET"]}}],"collection":[{"href":"https:\/\/www.acrartex.com\/de\/wp-json\/wp\/v2\/posts"}],"about":[{"href":"https:\/\/www.acrartex.com\/de\/wp-json\/wp\/v2\/types\/post"}],"author":[{"embeddable":true,"href":"https:\/\/www.acrartex.com\/de\/wp-json\/wp\/v2\/users\/5"}],"replies":[{"embeddable":true,"href":"https:\/\/www.acrartex.com\/de\/wp-json\/wp\/v2\/comments?post=149770"}],"version-history":[{"count":1,"href":"https:\/\/www.acrartex.com\/de\/wp-json\/wp\/v2\/posts\/149770\/revisions"}],"predecessor-version":[{"id":149774,"href":"https:\/\/www.acrartex.com\/de\/wp-json\/wp\/v2\/posts\/149770\/revisions\/149774"}],"wp:featuredmedia":[{"embeddable":true,"href":"https:\/\/www.acrartex.com\/de\/wp-json\/wp\/v2\/media\/149771"}],"wp:attachment":[{"href":"https:\/\/www.acrartex.com\/de\/wp-json\/wp\/v2\/media?parent=149770"}],"wp:term":[{"taxonomy":"category","embeddable":true,"href":"https:\/\/www.acrartex.com\/de\/wp-json\/wp\/v2\/categories?post=149770"},{"taxonomy":"post_tag","embeddable":true,"href":"https:\/\/www.acrartex.com\/de\/wp-json\/wp\/v2\/tags?post=149770"}],"curies":[{"name":"wp","href":"https:\/\/api.w.org\/{rel}","templated":true}]}}