{"id":149778,"date":"2023-07-31T11:59:00","date_gmt":"2023-07-31T16:59:00","guid":{"rendered":"https:\/\/www.acrartex.com\/news\/jeff-geraci-se-vraci-do-acr-electronics-jako-viceprezident-a-generalni-reditel-artex\/"},"modified":"2025-07-07T09:20:03","modified_gmt":"2025-07-07T14:20:03","slug":"jeff-geraci-se-vraci-do-acr-electronics-jako-viceprezident-a-generalni-reditel-artex","status":"publish","type":"post","link":"https:\/\/www.acrartex.com\/cs\/news\/jeff-geraci-se-vraci-do-acr-electronics-jako-viceprezident-a-generalni-reditel-artex\/","title":{"rendered":"Jeff Geraci se vrac\u00ed do ACR Electronics jako viceprezident a gener\u00e1ln\u00ed \u0159editel ARTEX"},"content":{"rendered":"\n<p>ACR Electronics p\u0159edn\u00ed sv\u011btov\u00fd poskytovatel bezpe\u010dnostn\u00edch a z\u00e1chrann\u00fdch technologi\u00ed, s pot\u011b\u0161en\u00edm oznamuje n\u00e1vrat Jeffa Geraciho do funkce viceprezidenta a gener\u00e1ln\u00edho \u0159editele <a href=\"http:\/\/www.artex.com\">ARTEX<\/a> , p\u0159edn\u00ed zna\u010dky nouzov\u00fdch vys\u00edla\u010d\u016f lok\u00e1toru pro letadla ( ELT ). V t\u00e9to funkci bude Jeff v\u00e9st strategick\u00e9 r\u016fstov\u00e9 iniciativy ARTEX , posilovat jej\u00ed pozici na trhu a prosazovat inovace v r\u00e1mci spole\u010dnosti. <\/p>\n\n<p>Jeff Geraci do sv\u00e9 nov\u00e9 role p\u0159in\u00e1\u0161\u00ed bohat\u00e9 zku\u0161enosti a odborn\u00e9 znalosti, nebo\u0165 b\u011bhem sv\u00e9ho p\u0159edchoz\u00edho p\u016fsoben\u00ed ve spole\u010dnosti ACR Electronics v\u00fdznamn\u011b p\u0159isp\u011bl k \u00fasp\u011bchu. S v\u00edce ne\u017e dv\u011bma desetilet\u00edmi zku\u0161enost\u00ed v odv\u011btv\u00ed bezpe\u010dnostn\u00edch a z\u00e1chrann\u00fdch technologi\u00ed Jeff d\u016fsledn\u011b prokazuje vynikaj\u00edc\u00ed v\u016fd\u010d\u00ed schopnosti, vizi a v\u00e1\u0161e\u0148 pro dod\u00e1vky vysoce kvalitn\u00edch produkt\u016f, kter\u00e9 zachra\u0148uj\u00ed \u017eivoty. <\/p>\n\n<p>\u201eJsme nad\u0161eni, \u017ee m\u016f\u017eeme Jeffa v\u00edtat zp\u011bt v rodin\u011b ACR Electronics a \u017ee vede zna\u010dku ARTEX ,\u201c \u0159ekl John Nguyen, prezident spole\u010dnosti ACR Electronics . \u201eJeho hlubok\u00e9 znalosti oboru a prok\u00e1zan\u00e9 v\u00fdsledky v oblasti r\u016fstu z n\u011bj \u010din\u00ed ide\u00e1ln\u00edho profesion\u00e1la, kter\u00fd posune ARTEX na novou \u00farove\u0148. M\u00e1me plnou d\u016fv\u011bru v Jeffovu schopnost pos\u00edlit na\u0161i tr\u017en\u00ed pozici, roz\u0161\u00ed\u0159it na\u0161e produktov\u00e9 portfolio a pokra\u010dovat v na\u0161\u00ed tradici poskytov\u00e1n\u00ed spolehliv\u00fdch a \u0161pi\u010dkov\u00fdch \u0159e\u0161en\u00ed na\u0161im z\u00e1kazn\u00edk\u016fm.\u201c <\/p>\n\n<p>Jako gener\u00e1ln\u00ed \u0159editel a viceprezident ARTEX bude Jeff zodpov\u011bdn\u00fd za dohled nad celkov\u00fdm provozem zna\u010dky, v\u010detn\u011b prodeje, marketingu, v\u00fdvoje produkt\u016f a z\u00e1kaznick\u00e9 podpory. Pod jeho veden\u00edm si spole\u010dnost klade za c\u00edl d\u00e1le upevnit svou pozici p\u0159edn\u00edho inov\u00e1tora v oblasti leteck\u00fdch Distress Tracking lodn\u00edch syst\u00e9m\u016f ELT ELT), v\u010detn\u011b nov\u00e9ho nouzov\u00e9ho <a href=\"http:\/\/www.GADSS.com\">lodn\u00edho<\/a> <a href=\"https:\/\/www.acrartex.com\/products\/elt-4000s\/\">z\u00e1chrann\u00e9ho ELT<\/a> <\/p>\n\n<p>\u201eJe mi ct\u00ed a jsem nad\u0161en\u00fd, \u017ee se mohu vr\u00e1tit do ACR Electronics a posouvat projekty pro ARTEX vp\u0159ed,\u201c \u0159ekl Jeff Geraci. \u201eTato spole\u010dnost m\u00e1 dlouhou historii v dod\u00e1vk\u00e1ch produkt\u016f, kter\u00e9 pom\u00e1haj\u00ed zachra\u0148ovat \u017eivoty v n\u011bkter\u00fdch z nejn\u00e1ro\u010dn\u011bj\u0161\u00edch situac\u00ed, a t\u011b\u0161\u00edm se, \u017ee budu moci p\u0159isp\u011bt k jej\u00edmu pokra\u010duj\u00edc\u00edmu \u00fasp\u011bchu. Spolu s talentovan\u00fdm t\u00fdmem spole\u010dnosti ARTEX se budeme sna\u017eit p\u0159in\u00e9st na trh nov\u00e1 a pokro\u010dil\u00e1 \u0159e\u0161en\u00ed, kter\u00e1 zajist\u00ed bezpe\u010dnost a ochranu na\u0161ich z\u00e1kazn\u00edk\u016f po cel\u00e9m sv\u011bt\u011b.\u201c <\/p>\n\n<p>O\u010dek\u00e1v\u00e1 se, \u017ee Jeffova strategick\u00e1 vize v kombinaci s jeho hlubok\u00fdmi znalostmi oboru urychl\u00ed r\u016fst spole\u010dnosti ARTEX a pos\u00edl\u00ed jej\u00ed z\u00e1vazek poskytovat z\u00e1kazn\u00edk\u016fm po cel\u00e9m sv\u011bt\u011b \u0161pi\u010dkov\u00e9 produkty a slu\u017eby.<\/p>\n\n<p>V\u00edce informac\u00ed o maj\u00e1c\u00edch ACR Electronics a dal\u0161\u00edm bezpe\u010dnostn\u00edm vybaven\u00ed naleznete na <a href=\"http:\/\/www.acrartex.com\">www.acrartex.com<\/a> .<\/p>\n","protected":false},"excerpt":{"rendered":"<p>ACR Electronics p\u0159edn\u00ed sv\u011btov\u00fd poskytovatel bezpe\u010dnostn\u00edch a z\u00e1chrann\u00fdch technologi\u00ed, s pot\u011b\u0161en\u00edm oznamuje n\u00e1vrat Jeffa Geraciho do funkce viceprezidenta a gener\u00e1ln\u00edho \u0159editele ARTEX , p\u0159edn\u00ed zna\u010dky nouzov\u00fdch vys\u00edla\u010d\u016f lok\u00e1toru pro letadla ( ELT ). V t\u00e9to funkci bude Jeff v\u00e9st strategick\u00e9 r\u016fstov\u00e9 iniciativy ARTEX , posilovat jej\u00ed pozici na trhu a prosazovat inovace v r\u00e1mci spole\u010dnosti. [&hellip;]<\/p>\n","protected":false},"author":5,"featured_media":149779,"comment_status":"closed","ping_status":"open","sticky":false,"template":"","format":"standard","meta":{"_acf_changed":false,"om_disable_all_campaigns":false,"footnotes":""},"categories":[4249],"tags":[],"class_list":["post-149778","post","type-post","status-publish","format-standard","has-post-thumbnail","hentry","category-uncategorized-cs"],"acf":[],"_links":{"self":[{"href":"https:\/\/www.acrartex.com\/cs\/wp-json\/wp\/v2\/posts\/149778","targetHints":{"allow":["GET"]}}],"collection":[{"href":"https:\/\/www.acrartex.com\/cs\/wp-json\/wp\/v2\/posts"}],"about":[{"href":"https:\/\/www.acrartex.com\/cs\/wp-json\/wp\/v2\/types\/post"}],"author":[{"embeddable":true,"href":"https:\/\/www.acrartex.com\/cs\/wp-json\/wp\/v2\/users\/5"}],"replies":[{"embeddable":true,"href":"https:\/\/www.acrartex.com\/cs\/wp-json\/wp\/v2\/comments?post=149778"}],"version-history":[{"count":1,"href":"https:\/\/www.acrartex.com\/cs\/wp-json\/wp\/v2\/posts\/149778\/revisions"}],"predecessor-version":[{"id":149780,"href":"https:\/\/www.acrartex.com\/cs\/wp-json\/wp\/v2\/posts\/149778\/revisions\/149780"}],"wp:featuredmedia":[{"embeddable":true,"href":"https:\/\/www.acrartex.com\/cs\/wp-json\/wp\/v2\/media\/149779"}],"wp:attachment":[{"href":"https:\/\/www.acrartex.com\/cs\/wp-json\/wp\/v2\/media?parent=149778"}],"wp:term":[{"taxonomy":"category","embeddable":true,"href":"https:\/\/www.acrartex.com\/cs\/wp-json\/wp\/v2\/categories?post=149778"},{"taxonomy":"post_tag","embeddable":true,"href":"https:\/\/www.acrartex.com\/cs\/wp-json\/wp\/v2\/tags?post=149778"}],"curies":[{"name":"wp","href":"https:\/\/api.w.org\/{rel}","templated":true}]}}