{"id":147926,"date":"2020-07-30T15:02:32","date_gmt":"2020-07-30T20:02:32","guid":{"rendered":"https:\/\/www.acrartex.com\/news\/tipy-pro-bezpecnejsi-letni-vylet-s-obytnym-vozem\/"},"modified":"2025-07-07T07:33:53","modified_gmt":"2025-07-07T12:33:53","slug":"tipy-pro-bezpecnejsi-letni-vylet-s-obytnym-vozem","status":"publish","type":"post","link":"https:\/\/www.acrartex.com\/cs\/news\/tipy-pro-bezpecnejsi-letni-vylet-s-obytnym-vozem\/","title":{"rendered":"Tipy pro bezpe\u010dn\u011bj\u0161\u00ed letn\u00ed v\u00fdlet s obytn\u00fdm vozem"},"content":{"rendered":"\n<div class=\"wp-block-image\"><figure class=\"aligncenter size-large is-resized\"><a href=\"https:\/\/www.acrartex.com\/wp-content\/uploads\/2023\/07\/Untitled_Artwork.jpg\"><img loading=\"lazy\" decoding=\"async\" src=\"https:\/\/www.acrartex.com\/wp-content\/uploads\/2023\/07\/Untitled_Artwork-edited.jpg\" alt=\"\" class=\"wp-image-37794\" width=\"738\" height=\"399\"\/><\/a><\/figure><\/div>\n\n<p class=\"has-medium-font-size\">Vzhledem k tomu, \u017ee st\u00e1le v\u00edce rodin m\u00edsto l\u00e9t\u00e1n\u00ed vyr\u00e1\u017e\u00ed na silnice, je bezpe\u010dnost a pl\u00e1nov\u00e1n\u00ed cestov\u00e1n\u00ed kl\u00ed\u010dov\u00e9, zejm\u00e9na pokud m\u00e1te pronajat\u00fd karavan nebo uva\u017eujete o jeho koupi. Zde je n\u011bkolik bezpe\u010dnostn\u00edch tip\u016f, kter\u00e9 ochr\u00e1n\u00ed v\u00e1s a va\u0161i rodinu p\u0159i dobrodru\u017estv\u00ed v obytn\u00e9m vozidle. <\/p>\n\n<div class=\"wp-block-columns is-layout-flex wp-container-core-columns-is-layout-9d6595d7 wp-block-columns-is-layout-flex\">\n<div class=\"wp-block-column is-layout-flow wp-block-column-is-layout-flow\" style=\"flex-basis:33.33%\">\n<p class=\"has-large-font-size\"><strong>1) Procvi\u010dte si \u0159\u00edzen\u00ed, zejm\u00e9na couv\u00e1n\u00ed a \u0161irok\u00e9 zat\u00e1\u010dky.<\/strong><\/p>\n<\/div>\n\n\n\n<div class=\"wp-block-column is-layout-flow wp-block-column-is-layout-flow\" style=\"flex-basis:66.66%\">\n<p class=\"has-medium-font-size\">Pokud jste za\u010d\u00e1te\u010dn\u00edk, je to nutnost. Pokud jste zku\u0161en\u00fd \u0159idi\u010d, procvi\u010dov\u00e1n\u00ed po dlouh\u00e9m p\u0159est\u00e1vce v\u00e1m zajist\u00ed v\u011bt\u0161\u00ed bezpe\u010dnost na silnici. Najd\u011bte si pr\u00e1zdn\u00e9 parkovi\u0161t\u011b, um\u00edst\u011bte p\u00e1r ku\u017eel\u016f nebo zna\u010dek a procvi\u010dte si \u0161irok\u00e9 zat\u00e1\u010den\u00ed. Ujist\u011bte se, \u017ee p\u0159ed zah\u00e1jen\u00edm odbo\u010dov\u00e1n\u00ed a man\u00e9vrov\u00e1n\u00edm mezi ku\u017eely vjedete d\u00e1le do k\u0159i\u017eovatky.   <\/p>\n\n\n\n<p class=\"has-medium-font-size\">Parkov\u00e1n\u00ed m\u016f\u017ee b\u00fdt pro v\u00e1\u0161 nov\u00fd velk\u00fd v\u016fz velmi zastra\u0161uj\u00edc\u00ed, proto si nacvi\u010dte parkov\u00e1n\u00ed mezi pruhy, abyste se ujistili, \u017ee do n\u011bj na dal\u0161\u00edm m\u00edst\u011b nenaraz\u00edte. A nakonec si nacvi\u010dte couv\u00e1n\u00ed, nechte si na pomoc pomocn\u00edka, je\u010fte pomalu a zvykn\u011bte si na couv\u00e1n\u00ed. V p\u0159\u00edpad\u011b pron\u00e1jmu obytn\u00e9ho vozu, prodeje nebo koup\u011b nov\u00e9ho obytn\u00e9ho vozu si nezapome\u0148te sjednat mal\u00e9 poji\u0161t\u011bn\u00ed pro p\u0159\u00edpad nouze.    <\/p>\n<\/div>\n<\/div>\n\n<div class=\"wp-block-columns is-layout-flex wp-container-core-columns-is-layout-9d6595d7 wp-block-columns-is-layout-flex\">\n<div class=\"wp-block-column is-layout-flow wp-block-column-is-layout-flow\" style=\"flex-basis:33.33%\">\n<p class=\"has-text-align-left has-large-font-size\"><strong>2) Pomalu<\/strong><\/p>\n<\/div>\n\n\n\n<div class=\"wp-block-column is-layout-flow wp-block-column-is-layout-flow\" style=\"flex-basis:66.66%\">\n<p class=\"has-medium-font-size\">Je\u010fte pomalu, koneckonc\u016f jste v obytn\u00e9m voze, na co sp\u011bchat, obzvl\u00e1\u0161\u0165 za nep\u0159\u00edzniv\u00e9ho po\u010das\u00ed. D\u00e9\u0161\u0165 a siln\u00fd v\u00edtr mohou \u0159\u00edzen\u00ed obytn\u00e9ho vozu u\u010dinit nebezpe\u010dn\u00fdm, proto bedliv\u011b sledujte po\u010das\u00ed, po\u010d\u00edtejte s dodate\u010dn\u00fdm \u010dasem na p\u0159\u00edpadn\u00e9 zpo\u017ed\u011bn\u00ed a nebojte se jednodu\u0161e zastavit na bezpe\u010dn\u00e9m m\u00edst\u011b a po\u010dkat, a\u017e bou\u0159e p\u0159ejde. <\/p>\n<\/div>\n<\/div>\n\n<div class=\"wp-block-columns is-layout-flex wp-container-core-columns-is-layout-9d6595d7 wp-block-columns-is-layout-flex\">\n<div class=\"wp-block-column is-layout-flow wp-block-column-is-layout-flow\" style=\"flex-basis:33.33%\">\n<p class=\"has-large-font-size\"><strong>3) Vezm\u011bte si s sebou <a href=\"https:\/\/www.acrartex.com\/news\/what-is-a-personal-locator-beacon\/\">Personal Locator Beacon<\/a> nebo specializovan\u00e9 <a href=\"https:\/\/www.acrartex.com\/cs\/news\/satelitni-komunikatory-bivy-nebo-osobni-lokacni-majaky\/\">nouzov\u00e9 komunika\u010dn\u00ed za\u0159\u00edzen\u00ed<\/a> .<\/strong><\/p>\n<\/div>\n\n\n\n<div class=\"wp-block-column is-layout-flow wp-block-column-is-layout-flow\" style=\"flex-basis:66.66%\">\n<p class=\"has-medium-font-size\">Kr\u00e1sa obytn\u00e9ho vozu spo\u010d\u00edv\u00e1 v tom, \u017ee s n\u00edm m\u016f\u017eete cestovat do n\u011bkter\u00fdch z nejodlehlej\u0161\u00edch a nejkr\u00e1sn\u011bj\u0161\u00edch oblast\u00ed zem\u011b, z nich\u017e mnoh\u00e9 nemaj\u00ed \u017e\u00e1dn\u00fd mobiln\u00ed sign\u00e1l. Personal Locator Beacon je za\u0159\u00edzen\u00ed pro p\u0159e\u017eit\u00ed bez p\u0159edplatn\u00e9ho, \u200b\u200bkter\u00e9 okam\u017eit\u011b upozorn\u00ed p\u00e1trac\u00ed a z\u00e1chrann\u00e9 slo\u017eky po cel\u00e9m sv\u011bt\u011b, \u017ee se nach\u00e1z\u00edte v nouzov\u00e9 situaci.   <\/p>\n\n\n\n<p class=\"has-medium-font-size\">Tohle nen\u00ed asisten\u010dn\u00ed slu\u017eba na silnici, tohle je \u201ePOT\u0158EBUJEME <strong>POMOC TE\u010e\u201c<\/strong> , a\u0165 u\u017e jde o zdravotn\u00ed probl\u00e9m, n\u011bkdo se zranil nebo ztratil, pro cokoli jin\u00e9ho. A\u017e skon\u010d\u00edte s cestov\u00e1n\u00edm v obytn\u00e9m voze, vezm\u011bte si sv\u016fj <a href=\"https:\/\/www.acrartex.com\/t\/categories\/outdoor\">PLB<\/a> s sebou na cesty, plavbu lod\u00ed, lov, kempov\u00e1n\u00ed, t\u00faru, pro cokoli jin\u00e9ho. Je to pro v\u00e1s a va\u0161i rodinu velk\u00fd klid v\u011bd\u011bt, \u017ee pomoc je jen na dosah ruky. Nezapome\u0148te vyu\u017e\u00edt dopravu zdarma a p\u0159i placen\u00ed zadejte slevov\u00fd k\u00f3d <strong><span class=\"has-inline-color has-vivid-purple-color\">SHIPFREE20<\/span><\/strong> .     <\/p>\n<\/div>\n<\/div>\n\n<div class=\"wp-block-image\"><figure class=\"aligncenter size-large is-resized\"><a href=\"https:\/\/www.acrartex.com\/wp-content\/uploads\/2021\/06\/ACooper2023_BivyKit_0093.jpg\"><img loading=\"lazy\" decoding=\"async\" src=\"https:\/\/www.acrartex.com\/wp-content\/uploads\/2023\/07\/ACooper2023_BivyKit_0093-edited.jpg\" alt=\"\" class=\"wp-image-37798\" width=\"675\" height=\"379\" srcset=\"https:\/\/www.acrartex.com\/wp-content\/uploads\/2023\/07\/ACooper2023_BivyKit_0093-edited.jpg 864w, https:\/\/www.acrartex.com\/wp-content\/uploads\/2023\/07\/ACooper2023_BivyKit_0093-edited-300x169.jpg 300w, https:\/\/www.acrartex.com\/wp-content\/uploads\/2023\/07\/ACooper2023_BivyKit_0093-edited-768x432.jpg 768w, https:\/\/www.acrartex.com\/wp-content\/uploads\/2023\/07\/ACooper2023_BivyKit_0093-edited-600x338.jpg 600w\" sizes=\"auto, (max-width: 675px) 100vw, 675px\" \/><\/a><\/figure><\/div>\n\n<div class=\"wp-block-columns is-layout-flex wp-container-core-columns-is-layout-9d6595d7 wp-block-columns-is-layout-flex\">\n<div class=\"wp-block-column is-layout-flow wp-block-column-is-layout-flow\" style=\"flex-basis:33.33%\">\n<p class=\"has-large-font-size\"><strong>4) Pou\u017eijte sm\u011brov\u00e9 sv\u011btlo nebo blinkr<\/strong><\/p>\n<\/div>\n\n\n\n<div class=\"wp-block-column is-layout-flow wp-block-column-is-layout-flow\" style=\"flex-basis:66.66%\">\n<p class=\"has-medium-font-size\"><em>Opravdu to mus\u00edme d\u00e1le rozv\u00edjet?<\/em>  \u0158\u00edd\u00edte vozidlo, kter\u00e9 je dvakr\u00e1t v\u011bt\u0161\u00ed ne\u017e va\u0161e obvykl\u00e9, a pravd\u011bpodobn\u011b jedete pomaleji ne\u017e ostatn\u00ed vozidla v okol\u00ed. D\u00e1vejte si proto pozor na auta, kter\u00e1 v\u00e1s p\u0159edj\u00ed\u017ed\u011bj\u00ed, a s dostate\u010dn\u00fdm p\u0159edstihem zapn\u011bte sm\u011brov\u00e9 sv\u011btlo, abyste ostatn\u00edm dali v\u011bd\u011bt, kam jedete. <\/p>\n<\/div>\n<\/div>\n\n<div class=\"wp-block-columns is-layout-flex wp-container-core-columns-is-layout-9d6595d7 wp-block-columns-is-layout-flex\">\n<div class=\"wp-block-column is-layout-flow wp-block-column-is-layout-flow\" style=\"flex-basis:33.33%\">\n<p class=\"has-large-font-size\"><strong>5) Jste t\u011b\u017e\u0161\u00ed, ne\u017e si mysl\u00edte, tedy v\u00e1\u0161 obytn\u00fd v\u016fz.<\/strong><\/p>\n<\/div>\n\n\n\n<div class=\"wp-block-column is-layout-flow wp-block-column-is-layout-flow\" style=\"flex-basis:66.66%\">\n<p class=\"has-medium-font-size\">V\u00e1\u0161 obytn\u00fd v\u016fz bude zrychlovat pomaleji a p\u0159i \u00fapln\u00e9m zastaven\u00ed ujede tak\u00e9 v\u011bt\u0161\u00ed vzd\u00e1lenost ne\u017e v\u00e1\u0161 osobn\u00ed nebo n\u00e1kladn\u00ed v\u016fz.  <\/p>\n\n\n\n<p class=\"has-medium-font-size\">V\u017edy se doporu\u010duje p\u0159idat 20 procent ke v\u0161emu, co d\u011bl\u00e1te p\u0159i \u0159\u00edzen\u00ed obytn\u00e9ho vozu, tak\u017ee si zajist\u011bte o 20 % v\u011bt\u0161\u00ed odstup od vozidla p\u0159ed v\u00e1mi, abyste m\u011bli dostatek prostoru k zastaven\u00ed.<\/p>\n<\/div>\n<\/div>\n\n<div class=\"wp-block-columns is-layout-flex wp-container-core-columns-is-layout-9d6595d7 wp-block-columns-is-layout-flex\">\n<div class=\"wp-block-column is-layout-flow wp-block-column-is-layout-flow\" style=\"flex-basis:33.33%\">\n<p class=\"has-large-font-size\"><strong>6) Jsi vy\u0161\u0161\u00ed, ne\u017e si mysl\u00ed\u0161!<\/strong><\/p>\n<\/div>\n\n\n\n<div class=\"wp-block-column is-layout-flow wp-block-column-is-layout-flow\" style=\"flex-basis:66.66%\">\n<p class=\"has-medium-font-size\">Jednou z nej\u010dast\u011bj\u0161\u00edch nehod obytn\u00fdch voz\u016f jsou n\u00e1razy do most\u016f a p\u0159evis\u016f, tak\u017ee abyste se nezakl\u00ednili v drive-throughu s rychl\u00fdm ob\u010derstven\u00edm, znejte v\u00fd\u0161ku sv\u00e9ho obytn\u00e9ho vozu, p\u0159idejte si na \u010deln\u00ed sklo vzkaz, kter\u00fd v\u00e1m a druh\u00e9mu \u0159idi\u010di p\u0159ipomene va\u0161i v\u00fd\u0161ku, a bu\u010fte obzvl\u00e1\u0161t\u011b opatrn\u00ed, kdykoli jedete pod p\u0159evisem.<\/p>\n<\/div>\n<\/div>\n\n<div class=\"wp-block-columns is-layout-flex wp-container-core-columns-is-layout-9d6595d7 wp-block-columns-is-layout-flex\">\n<div class=\"wp-block-column is-layout-flow wp-block-column-is-layout-flow\" style=\"flex-basis:33.33%\">\n<p class=\"has-large-font-size\"><strong>7) Bu\u010fte dobrodru\u017en\u00ed, ale znajte sv\u00e9 limity.<\/strong><\/p>\n<\/div>\n\n\n\n<div class=\"wp-block-column is-layout-flow wp-block-column-is-layout-flow\" style=\"flex-basis:66.66%\">\n<p class=\"has-medium-font-size\">Jen proto, \u017ee jste \u00fasp\u011b\u0161n\u011b dopravili sv\u016fj pronajat\u00fd obytn\u00fd v\u016fz z Chicaga do Oregonu, neznamen\u00e1 to, \u017ee m\u00e1te zku\u0161enosti s v\u00fdstupem na Mount Hood.  <\/p>\n\n\n\n<p class=\"has-medium-font-size\">Vyjd\u011bte ven, voln\u011b se to\u010dte, ale znejte sv\u00e9 vlastn\u00ed limity toho, co m\u016f\u017eete a nem\u016f\u017eete d\u011blat, abyste v p\u0159\u00edpad\u011b, \u017ee se do dobrodru\u017estv\u00ed pust\u00edte trochu moc, neohrozili sebe, sv\u00e9 p\u0159\u00e1tele, rodinu ani p\u00e1trac\u00ed a z\u00e1chrann\u00e9 slo\u017eky.<\/p>\n<\/div>\n<\/div>\n\n<p class=\"has-text-align-left has-huge-font-size\"><strong>U\u017eijte si toto l\u00e9to z\u00e1bavn\u00fd a BEZPE\u010cN\u00dd v\u00fdlet ve sv\u00e9m obytn\u00e9m voze!<\/strong><\/p>\n","protected":false},"excerpt":{"rendered":"<p>Bezpe\u010dn\u011b cestujte na cest\u011b s karavanem<\/p>\n","protected":false},"author":5,"featured_media":147928,"comment_status":"closed","ping_status":"open","sticky":false,"template":"","format":"standard","meta":{"_acf_changed":false,"om_disable_all_campaigns":false,"footnotes":""},"categories":[4284,4264],"tags":[],"class_list":["post-147926","post","type-post","status-publish","format-standard","has-post-thumbnail","hentry","category-bezpecnost-na-pevnine","category-casopis"],"acf":[],"_links":{"self":[{"href":"https:\/\/www.acrartex.com\/cs\/wp-json\/wp\/v2\/posts\/147926","targetHints":{"allow":["GET"]}}],"collection":[{"href":"https:\/\/www.acrartex.com\/cs\/wp-json\/wp\/v2\/posts"}],"about":[{"href":"https:\/\/www.acrartex.com\/cs\/wp-json\/wp\/v2\/types\/post"}],"author":[{"embeddable":true,"href":"https:\/\/www.acrartex.com\/cs\/wp-json\/wp\/v2\/users\/5"}],"replies":[{"embeddable":true,"href":"https:\/\/www.acrartex.com\/cs\/wp-json\/wp\/v2\/comments?post=147926"}],"version-history":[{"count":1,"href":"https:\/\/www.acrartex.com\/cs\/wp-json\/wp\/v2\/posts\/147926\/revisions"}],"predecessor-version":[{"id":147931,"href":"https:\/\/www.acrartex.com\/cs\/wp-json\/wp\/v2\/posts\/147926\/revisions\/147931"}],"wp:featuredmedia":[{"embeddable":true,"href":"https:\/\/www.acrartex.com\/cs\/wp-json\/wp\/v2\/media\/147928"}],"wp:attachment":[{"href":"https:\/\/www.acrartex.com\/cs\/wp-json\/wp\/v2\/media?parent=147926"}],"wp:term":[{"taxonomy":"category","embeddable":true,"href":"https:\/\/www.acrartex.com\/cs\/wp-json\/wp\/v2\/categories?post=147926"},{"taxonomy":"post_tag","embeddable":true,"href":"https:\/\/www.acrartex.com\/cs\/wp-json\/wp\/v2\/tags?post=147926"}],"curies":[{"name":"wp","href":"https:\/\/api.w.org\/{rel}","templated":true}]}}